{"id":890,"date":"2015-09-19T17:29:59","date_gmt":"2015-09-19T15:29:59","guid":{"rendered":"http:\/\/ursulamarti.ch\/?p=890"},"modified":"2015-10-12T16:22:01","modified_gmt":"2015-10-12T14:22:01","slug":"pramienverbilligungs-initiative-geschafft","status":"publish","type":"post","link":"https:\/\/ursulamarti.ch\/?p=890","title":{"rendered":"Pr\u00e4mienverbilligungs-Initiative: geschafft!"},"content":{"rendered":"<p>Es war ein grosser Challenge, 15 000 Unterschriften zusammenzubringen. Aber Ende September war es soweit, wir habens geschafft! Grosser Dank an alle Beteiligten, die an unz\u00e4hligen Standaktionen f\u00fcr die Pr\u00e4mienverbilligungsinitiative gesammelt haben.<br \/>\nDie Initiative ist eine Reaktion auf die massive Reduktion der Pr\u00e4mienverbilligungen, die der Grosse Rat im Rahmen des ASP-Sparprogramms beschlossen hat. Sie will diesen Beschluss, von dem \u00fcber 80&#8217;000 Personen betroffen sind, r\u00fcckg\u00e4ngig machen. Die hohen Krankenkassenpr\u00e4mien sind f\u00fcr viele Einzelpersonen und Familien schlicht nicht mehr bezahlbar und treiben viele in die Armut. Zynisch ist, dass der Kanton Bern &#8222;dank&#8220; dieses Abbaus grosse Rechnungs\u00fcbersch\u00fcsse erzielt.<\/p>\n<p>Beitrag in der <a href=\"http:\/\/www.bernerzeitung.ch\/region\/kanton-bern\/Initiative-gegen-Kuerzungen-bei-Praemienverbilligungen\/story\/22221279\" target=\"_blank\">Berner Zeitung<\/a>, anl\u00e4sslich der Lancierung.<br \/>\nAlles \u00fcber die <a href=\"http:\/\/www.praemienverbilligungen.be\" target=\"_blank\">Initiative<\/a><\/p>\n<p>Fotos: das Initiativkomitee und eine Sammelaktion in der L\u00e4nggasse<\/p>\n<p> <a href=\"http:\/\/ursulamarti.ch\/wp-content\/uploads\/2015\/09\/2015-Einreichung-Referendum.jpg\"><img loading=\"lazy\" class=\"alignnone size-full wp-image-891\" src=\"http:\/\/ursulamarti.ch\/wp-content\/uploads\/2015\/09\/2015-Einreichung-Referendum.jpg\" alt=\"2015 Einreichung Referendum\" width=\"1000\" height=\"695\" srcset=\"https:\/\/ursulamarti.ch\/wp-content\/uploads\/2015\/09\/2015-Einreichung-Referendum.jpg 1000w, https:\/\/ursulamarti.ch\/wp-content\/uploads\/2015\/09\/2015-Einreichung-Referendum-300x209.jpg 300w, https:\/\/ursulamarti.ch\/wp-content\/uploads\/2015\/09\/2015-Einreichung-Referendum-600x417.jpg 600w\" sizes=\"(max-width: 639px) 98vw, (max-width: 1199px) 64vw, 770px\" \/><\/a><a href=\"http:\/\/ursulamarti.ch\/wp-content\/uploads\/2015\/09\/2015-Sammeln-Laenggasse.jpg\"><img loading=\"lazy\" class=\"alignnone size-full wp-image-892\" src=\"http:\/\/ursulamarti.ch\/wp-content\/uploads\/2015\/09\/2015-Sammeln-Laenggasse.jpg\" alt=\"2015 Sammeln Laenggasse\" width=\"960\" height=\"720\" srcset=\"https:\/\/ursulamarti.ch\/wp-content\/uploads\/2015\/09\/2015-Sammeln-Laenggasse.jpg 960w, https:\/\/ursulamarti.ch\/wp-content\/uploads\/2015\/09\/2015-Sammeln-Laenggasse-300x225.jpg 300w, https:\/\/ursulamarti.ch\/wp-content\/uploads\/2015\/09\/2015-Sammeln-Laenggasse-600x450.jpg 600w\" sizes=\"(max-width: 639px) 98vw, (max-width: 1199px) 64vw, 770px\" \/><\/a>\u00a0<\/p>\n","protected":false},"excerpt":{"rendered":"","protected":false},"author":3,"featured_media":0,"comment_status":"closed","ping_status":"open","sticky":false,"template":"","format":"standard","meta":[],"categories":[1,3],"tags":[],"acf":[],"_links":{"self":[{"href":"https:\/\/ursulamarti.ch\/index.php?rest_route=\/wp\/v2\/posts\/890"}],"collection":[{"href":"https:\/\/ursulamarti.ch\/index.php?rest_route=\/wp\/v2\/posts"}],"about":[{"href":"https:\/\/ursulamarti.ch\/index.php?rest_route=\/wp\/v2\/types\/post"}],"author":[{"embeddable":true,"href":"https:\/\/ursulamarti.ch\/index.php?rest_route=\/wp\/v2\/users\/3"}],"replies":[{"embeddable":true,"href":"https:\/\/ursulamarti.ch\/index.php?rest_route=%2Fwp%2Fv2%2Fcomments&post=890"}],"version-history":[{"count":5,"href":"https:\/\/ursulamarti.ch\/index.php?rest_route=\/wp\/v2\/posts\/890\/revisions"}],"predecessor-version":[{"id":958,"href":"https:\/\/ursulamarti.ch\/index.php?rest_route=\/wp\/v2\/posts\/890\/revisions\/958"}],"wp:attachment":[{"href":"https:\/\/ursulamarti.ch\/index.php?rest_route=%2Fwp%2Fv2%2Fmedia&parent=890"}],"wp:term":[{"taxonomy":"category","embeddable":true,"href":"https:\/\/ursulamarti.ch\/index.php?rest_route=%2Fwp%2Fv2%2Fcategories&post=890"},{"taxonomy":"post_tag","embeddable":true,"href":"https:\/\/ursulamarti.ch\/index.php?rest_route=%2Fwp%2Fv2%2Ftags&post=890"}],"curies":[{"name":"wp","href":"https:\/\/api.w.org\/{rel}","templated":true}]}}